{"id":5541,"date":"2022-06-27T09:48:20","date_gmt":"2022-06-27T09:48:20","guid":{"rendered":"https:\/\/www.meroil.es\/?p=5541"},"modified":"2022-06-27T09:48:20","modified_gmt":"2022-06-27T09:48:20","slug":"premi-a-lesperit-esportiu-a-alex-roca","status":"publish","type":"post","link":"https:\/\/www.meroil.es\/ca\/premi-a-lesperit-esportiu-a-alex-roca\/","title":{"rendered":"Premi a l&#8217;esperit esportiu a \u00c0lex Roca"},"content":{"rendered":"<p>Tenemos el orgullo de entregar el PREMI A L\u2019ESPERIT ESPORTIU A \u00c0LEX ROCA por parte del director general de Meroil Miguel Paya.<\/p>\n<p>Reconocimiento a un deportista que es un ejemplo de vida y superaci\u00f3n. A sus 31 a\u00f1os, el deporte es para \u00c0lex una forma de vivir y una aventura donde su meta es superarse a s\u00ed mismo.<\/p>\n<p>\u201cEl l\u00edmite lo pones t\u00fa\u201d es su lema de vida y el t\u00edtulo de su libro que es toda una lecci\u00f3n para superarnos y para luchar por nuestros sue\u00f1os.<\/p>\n<p>En nuestra web os dejamos un v\u00eddeo de su discurso completo.<\/p>\n<p>\u00a1\u00a1\u00a1Muchas Felicidades \u00c0lex!!!<\/p>\n","protected":false},"excerpt":{"rendered":"<p>Tenemos el orgullo de entregar el PREMI A L\u2019ESPERIT ESPORTIU A \u00c0LEX ROCA por parte del director general de Meroil Miguel Paya. Reconocimiento a un deportista que es un ejemplo de vida y superaci\u00f3n. A sus 31 a\u00f1os, el deporte  [&#8230;]<\/p>\n","protected":false},"author":4,"featured_media":0,"comment_status":"open","ping_status":"closed","sticky":false,"template":"","format":"standard","meta":{"footnotes":""},"categories":[1],"tags":[],"class_list":["post-5541","post","type-post","status-publish","format-standard","hentry","category-sin-categorizar"],"yoast_head":"<!-- This site is optimized with the Yoast SEO plugin v27.4 - https:\/\/yoast.com\/product\/yoast-seo-wordpress\/ -->\n<title>Premi a l&#039;esperit esportiu a \u00c0lex Roca - Meroil<\/title>\n<meta name=\"robots\" content=\"index, follow, max-snippet:-1, max-image-preview:large, max-video-preview:-1\" \/>\n<link rel=\"canonical\" href=\"https:\/\/www.meroil.es\/ca\/premi-a-lesperit-esportiu-a-alex-roca\/\" \/>\n<meta property=\"og:locale\" content=\"ca_ES\" \/>\n<meta property=\"og:type\" content=\"article\" \/>\n<meta property=\"og:title\" content=\"Premi a l&#039;esperit esportiu a \u00c0lex Roca - Meroil\" \/>\n<meta property=\"og:description\" content=\"Tenemos el orgullo de entregar el PREMI A L\u2019ESPERIT ESPORTIU A \u00c0LEX ROCA por parte del director general de Meroil Miguel Paya. Reconocimiento a un deportista que es un ejemplo de vida y superaci\u00f3n. A sus 31 a\u00f1os, el deporte [...]\" \/>\n<meta property=\"og:url\" content=\"https:\/\/www.meroil.es\/ca\/premi-a-lesperit-esportiu-a-alex-roca\/\" \/>\n<meta property=\"og:site_name\" content=\"Meroil\" \/>\n<meta property=\"article:published_time\" content=\"2022-06-27T09:48:20+00:00\" \/>\n<meta name=\"author\" content=\"Editor Meroil\" \/>\n<meta name=\"twitter:card\" content=\"summary_large_image\" \/>\n<meta name=\"twitter:label1\" content=\"Escrit per\" \/>\n\t<meta name=\"twitter:data1\" content=\"Editor Meroil\" \/>\n\t<meta name=\"twitter:label2\" content=\"Temps estimat de lectura\" \/>\n\t<meta name=\"twitter:data2\" content=\"1 minut\" \/>\n<script type=\"application\/ld+json\" class=\"yoast-schema-graph\">{\"@context\":\"https:\\\/\\\/schema.org\",\"@graph\":[{\"@type\":\"Article\",\"@id\":\"https:\\\/\\\/www.meroil.es\\\/ca\\\/premi-a-lesperit-esportiu-a-alex-roca\\\/#article\",\"isPartOf\":{\"@id\":\"https:\\\/\\\/www.meroil.es\\\/ca\\\/premi-a-lesperit-esportiu-a-alex-roca\\\/\"},\"author\":{\"name\":\"Editor Meroil\",\"@id\":\"https:\\\/\\\/www.meroil.es\\\/ca\\\/#\\\/schema\\\/person\\\/1cae10c01e7cbe65d62205e9978023a1\"},\"headline\":\"Premi a l&#8217;esperit esportiu a \u00c0lex Roca\",\"datePublished\":\"2022-06-27T09:48:20+00:00\",\"mainEntityOfPage\":{\"@id\":\"https:\\\/\\\/www.meroil.es\\\/ca\\\/premi-a-lesperit-esportiu-a-alex-roca\\\/\"},\"wordCount\":115,\"commentCount\":0,\"articleSection\":[\"Sin categorizar\"],\"inLanguage\":\"ca\",\"potentialAction\":[{\"@type\":\"CommentAction\",\"name\":\"Comment\",\"target\":[\"https:\\\/\\\/www.meroil.es\\\/ca\\\/premi-a-lesperit-esportiu-a-alex-roca\\\/#respond\"]}]},{\"@type\":\"WebPage\",\"@id\":\"https:\\\/\\\/www.meroil.es\\\/ca\\\/premi-a-lesperit-esportiu-a-alex-roca\\\/\",\"url\":\"https:\\\/\\\/www.meroil.es\\\/ca\\\/premi-a-lesperit-esportiu-a-alex-roca\\\/\",\"name\":\"Premi a l'esperit esportiu a \u00c0lex Roca - Meroil\",\"isPartOf\":{\"@id\":\"https:\\\/\\\/www.meroil.es\\\/ca\\\/#website\"},\"datePublished\":\"2022-06-27T09:48:20+00:00\",\"author\":{\"@id\":\"https:\\\/\\\/www.meroil.es\\\/ca\\\/#\\\/schema\\\/person\\\/1cae10c01e7cbe65d62205e9978023a1\"},\"breadcrumb\":{\"@id\":\"https:\\\/\\\/www.meroil.es\\\/ca\\\/premi-a-lesperit-esportiu-a-alex-roca\\\/#breadcrumb\"},\"inLanguage\":\"ca\",\"potentialAction\":[{\"@type\":\"ReadAction\",\"target\":[\"https:\\\/\\\/www.meroil.es\\\/ca\\\/premi-a-lesperit-esportiu-a-alex-roca\\\/\"]}]},{\"@type\":\"BreadcrumbList\",\"@id\":\"https:\\\/\\\/www.meroil.es\\\/ca\\\/premi-a-lesperit-esportiu-a-alex-roca\\\/#breadcrumb\",\"itemListElement\":[{\"@type\":\"ListItem\",\"position\":1,\"name\":\"Inici\",\"item\":\"https:\\\/\\\/www.meroil.es\\\/ca\\\/\"},{\"@type\":\"ListItem\",\"position\":2,\"name\":\"Premi a l&#8217;esperit esportiu a \u00c0lex Roca\"}]},{\"@type\":\"WebSite\",\"@id\":\"https:\\\/\\\/www.meroil.es\\\/ca\\\/#website\",\"url\":\"https:\\\/\\\/www.meroil.es\\\/ca\\\/\",\"name\":\"Meroil\",\"description\":\"Estaciones de proximidad\",\"potentialAction\":[{\"@type\":\"SearchAction\",\"target\":{\"@type\":\"EntryPoint\",\"urlTemplate\":\"https:\\\/\\\/www.meroil.es\\\/ca\\\/?s={search_term_string}\"},\"query-input\":{\"@type\":\"PropertyValueSpecification\",\"valueRequired\":true,\"valueName\":\"search_term_string\"}}],\"inLanguage\":\"ca\"},{\"@type\":\"Person\",\"@id\":\"https:\\\/\\\/www.meroil.es\\\/ca\\\/#\\\/schema\\\/person\\\/1cae10c01e7cbe65d62205e9978023a1\",\"name\":\"Editor Meroil\",\"image\":{\"@type\":\"ImageObject\",\"inLanguage\":\"ca\",\"@id\":\"https:\\\/\\\/secure.gravatar.com\\\/avatar\\\/f136b644a365ca1227686a77e61c7a83f6f08585d3bf86e09f9c09bcc15717e3?s=96&d=mm&r=g\",\"url\":\"https:\\\/\\\/secure.gravatar.com\\\/avatar\\\/f136b644a365ca1227686a77e61c7a83f6f08585d3bf86e09f9c09bcc15717e3?s=96&d=mm&r=g\",\"contentUrl\":\"https:\\\/\\\/secure.gravatar.com\\\/avatar\\\/f136b644a365ca1227686a77e61c7a83f6f08585d3bf86e09f9c09bcc15717e3?s=96&d=mm&r=g\",\"caption\":\"Editor Meroil\"},\"url\":\"https:\\\/\\\/www.meroil.es\\\/ca\\\/author\\\/editor-meroil\\\/\"}]}<\/script>\n<!-- \/ Yoast SEO plugin. -->","yoast_head_json":{"title":"Premi a l'esperit esportiu a \u00c0lex Roca - Meroil","robots":{"index":"index","follow":"follow","max-snippet":"max-snippet:-1","max-image-preview":"max-image-preview:large","max-video-preview":"max-video-preview:-1"},"canonical":"https:\/\/www.meroil.es\/ca\/premi-a-lesperit-esportiu-a-alex-roca\/","og_locale":"ca_ES","og_type":"article","og_title":"Premi a l'esperit esportiu a \u00c0lex Roca - Meroil","og_description":"Tenemos el orgullo de entregar el PREMI A L\u2019ESPERIT ESPORTIU A \u00c0LEX ROCA por parte del director general de Meroil Miguel Paya. Reconocimiento a un deportista que es un ejemplo de vida y superaci\u00f3n. A sus 31 a\u00f1os, el deporte [...]","og_url":"https:\/\/www.meroil.es\/ca\/premi-a-lesperit-esportiu-a-alex-roca\/","og_site_name":"Meroil","article_published_time":"2022-06-27T09:48:20+00:00","author":"Editor Meroil","twitter_card":"summary_large_image","twitter_misc":{"Escrit per":"Editor Meroil","Temps estimat de lectura":"1 minut"},"schema":{"@context":"https:\/\/schema.org","@graph":[{"@type":"Article","@id":"https:\/\/www.meroil.es\/ca\/premi-a-lesperit-esportiu-a-alex-roca\/#article","isPartOf":{"@id":"https:\/\/www.meroil.es\/ca\/premi-a-lesperit-esportiu-a-alex-roca\/"},"author":{"name":"Editor Meroil","@id":"https:\/\/www.meroil.es\/ca\/#\/schema\/person\/1cae10c01e7cbe65d62205e9978023a1"},"headline":"Premi a l&#8217;esperit esportiu a \u00c0lex Roca","datePublished":"2022-06-27T09:48:20+00:00","mainEntityOfPage":{"@id":"https:\/\/www.meroil.es\/ca\/premi-a-lesperit-esportiu-a-alex-roca\/"},"wordCount":115,"commentCount":0,"articleSection":["Sin categorizar"],"inLanguage":"ca","potentialAction":[{"@type":"CommentAction","name":"Comment","target":["https:\/\/www.meroil.es\/ca\/premi-a-lesperit-esportiu-a-alex-roca\/#respond"]}]},{"@type":"WebPage","@id":"https:\/\/www.meroil.es\/ca\/premi-a-lesperit-esportiu-a-alex-roca\/","url":"https:\/\/www.meroil.es\/ca\/premi-a-lesperit-esportiu-a-alex-roca\/","name":"Premi a l'esperit esportiu a \u00c0lex Roca - Meroil","isPartOf":{"@id":"https:\/\/www.meroil.es\/ca\/#website"},"datePublished":"2022-06-27T09:48:20+00:00","author":{"@id":"https:\/\/www.meroil.es\/ca\/#\/schema\/person\/1cae10c01e7cbe65d62205e9978023a1"},"breadcrumb":{"@id":"https:\/\/www.meroil.es\/ca\/premi-a-lesperit-esportiu-a-alex-roca\/#breadcrumb"},"inLanguage":"ca","potentialAction":[{"@type":"ReadAction","target":["https:\/\/www.meroil.es\/ca\/premi-a-lesperit-esportiu-a-alex-roca\/"]}]},{"@type":"BreadcrumbList","@id":"https:\/\/www.meroil.es\/ca\/premi-a-lesperit-esportiu-a-alex-roca\/#breadcrumb","itemListElement":[{"@type":"ListItem","position":1,"name":"Inici","item":"https:\/\/www.meroil.es\/ca\/"},{"@type":"ListItem","position":2,"name":"Premi a l&#8217;esperit esportiu a \u00c0lex Roca"}]},{"@type":"WebSite","@id":"https:\/\/www.meroil.es\/ca\/#website","url":"https:\/\/www.meroil.es\/ca\/","name":"Meroil","description":"Estaciones de proximidad","potentialAction":[{"@type":"SearchAction","target":{"@type":"EntryPoint","urlTemplate":"https:\/\/www.meroil.es\/ca\/?s={search_term_string}"},"query-input":{"@type":"PropertyValueSpecification","valueRequired":true,"valueName":"search_term_string"}}],"inLanguage":"ca"},{"@type":"Person","@id":"https:\/\/www.meroil.es\/ca\/#\/schema\/person\/1cae10c01e7cbe65d62205e9978023a1","name":"Editor Meroil","image":{"@type":"ImageObject","inLanguage":"ca","@id":"https:\/\/secure.gravatar.com\/avatar\/f136b644a365ca1227686a77e61c7a83f6f08585d3bf86e09f9c09bcc15717e3?s=96&d=mm&r=g","url":"https:\/\/secure.gravatar.com\/avatar\/f136b644a365ca1227686a77e61c7a83f6f08585d3bf86e09f9c09bcc15717e3?s=96&d=mm&r=g","contentUrl":"https:\/\/secure.gravatar.com\/avatar\/f136b644a365ca1227686a77e61c7a83f6f08585d3bf86e09f9c09bcc15717e3?s=96&d=mm&r=g","caption":"Editor Meroil"},"url":"https:\/\/www.meroil.es\/ca\/author\/editor-meroil\/"}]}},"_links":{"self":[{"href":"https:\/\/www.meroil.es\/ca\/wp-json\/wp\/v2\/posts\/5541","targetHints":{"allow":["GET"]}}],"collection":[{"href":"https:\/\/www.meroil.es\/ca\/wp-json\/wp\/v2\/posts"}],"about":[{"href":"https:\/\/www.meroil.es\/ca\/wp-json\/wp\/v2\/types\/post"}],"author":[{"embeddable":true,"href":"https:\/\/www.meroil.es\/ca\/wp-json\/wp\/v2\/users\/4"}],"replies":[{"embeddable":true,"href":"https:\/\/www.meroil.es\/ca\/wp-json\/wp\/v2\/comments?post=5541"}],"version-history":[{"count":0,"href":"https:\/\/www.meroil.es\/ca\/wp-json\/wp\/v2\/posts\/5541\/revisions"}],"wp:attachment":[{"href":"https:\/\/www.meroil.es\/ca\/wp-json\/wp\/v2\/media?parent=5541"}],"wp:term":[{"taxonomy":"category","embeddable":true,"href":"https:\/\/www.meroil.es\/ca\/wp-json\/wp\/v2\/categories?post=5541"},{"taxonomy":"post_tag","embeddable":true,"href":"https:\/\/www.meroil.es\/ca\/wp-json\/wp\/v2\/tags?post=5541"}],"curies":[{"name":"wp","href":"https:\/\/api.w.org\/{rel}","templated":true}]}}